{"id":847,"date":"2026-02-23T23:10:15","date_gmt":"2026-02-23T22:10:15","guid":{"rendered":"https:\/\/pp11wpolicach.pl\/?p=847"},"modified":"2026-03-01T07:46:49","modified_gmt":"2026-03-01T06:46:49","slug":"informacja-w-sprawie-elektronicznej-rekrutacji-dzieci-do-przedszkola-na-rok-szkolny-2026-2027","status":"publish","type":"post","link":"https:\/\/pp11wpolicach.pl\/?p=847","title":{"rendered":"Informacja w sprawie elektronicznej rekrutacji dzieci do przedszkola na rok szkolny 2026\/2027"},"content":{"rendered":"\n<h3 class=\"wp-block-heading\">Dnia<strong>&nbsp;02-03-2026 o godz. 08:00&nbsp;<\/strong>rozpocznie si\u0119 rekrutacja dzieci do przedszkoli prowadzonych przez Gmin\u0119 Police na rok szkolny 2026\/2027<\/h3>\n\n\n\n<p><strong>Nab\u00f3r dzieci na nowy rok szkolny do przedszkoli &nbsp;<\/strong>b\u0119dzie si\u0119 odbywa\u0142&nbsp;<strong>za po\u015brednictwem elektronicznego systemu rekrutacji&nbsp;<\/strong>dost\u0119pnego pod adresem: <a href=\"https:\/\/rekrutacje-police.pzo.edu.pl\">https:\/\/rekrutacje-police.pzo.edu.pl<\/a><\/p>\n\n\n\n<figure class=\"wp-block-embed\"><div class=\"wp-block-embed__wrapper\">\nhttps:\/\/rekrutacje-police.pzo.edu.pl\n<\/div><\/figure>\n\n\n\n<p>Do korzystania z elektronicznego systemu naboru niezb\u0119dny b\u0119dzie komputer b\u0105d\u017a&nbsp; dowolne urz\u0105dzenie mobilne z przegl\u0105dark\u0105 internetow\u0105. <\/p>\n\n\n\n<p>W systemie w zak\u0142adce&nbsp;<strong>\u201ePliki do pobrania, instrukcja\u201d<\/strong>, b\u0119d\u0105 umieszczone do pobrania wszystkie niezb\u0119dne do wype\u0142nienia dokumenty oraz instrukcje do systemu, aby z \u0142atwo\u015bci\u0105 przej\u015b\u0107 ca\u0142y proces rejestracji danych w systemie rekrutacji.<\/p>\n\n\n\n<p><strong>Mo\u017cliwo\u015b\u0107 rejestracji w systemie elektronicznej rekrutacji b\u0119dzie<\/strong>&nbsp;dost\u0119pna dla rodzic\u00f3w\/opiekun\u00f3w prawnych &#8211; <\/p>\n\n\n\n<p><strong>od 02-03-2026 godz. 08:00&nbsp;do 20-03-2026 godz. 15:00&nbsp;&nbsp;\u2013 z\u0142o\u017cenie przez rodzic\u00f3w\/ prawnych opiekun\u00f3w wniosku o przyj\u0119cie dziecka do przedszkola <\/strong>na wolne miejsca wraz z wymaganymi za\u0142\u0105cznikami. <\/p>\n\n\n\n<p><strong>W post\u0119powaniu rekrutacyjnym bior\u0105 udzia\u0142  przede wszystkim dzieci zamieszka\u0142e w Gminie Police, w drugiej kolejno\u015bci z gmin s\u0105siedzkich, kt\u00f3re r\u00f3wnie\u017c do nas zapraszamy.<\/strong><\/p>\n\n\n\n<p>Wychowaniem przedszkolnym obejmuje si\u0119 dzieci z pocz\u0105tkiem roku szkolnego w roku kalendarzowym, w kt\u00f3rym dziecko ko\u0144czy 3 lata, do ko\u0144ca roku szkolnego w roku kalendarzowym, w kt\u00f3rym dziecko ko\u0144czy 7 lat.<\/p>\n\n\n\n<p><strong>Dzieci sze\u015bcioletnie&nbsp;<\/strong>(urodzone w 2020 roku)&nbsp;<strong>obowi\u0105zane s\u0105 odby\u0107 roczne przygotowanie przedszkoln<\/strong>e. W zwi\u0105zku z tym &#8211; zapraszamy zainteresowanych rodzic\u00f3w dzieci 6 letnich, jak i z r\u00f3\u017cnych powod\u00f3w odroczonych od obowi\u0105zku szkolnego &#8211; mamy wolne miejsca. <\/p>\n\n\n\n<p><strong>Dzieci pi\u0119cioletnie&nbsp;<\/strong>(urodzone w 2021 r.),&nbsp;<strong>dzieci czteroletnie<\/strong>&nbsp;(urodzone w 2022 r.) oraz&nbsp;<strong>dzieci trzyletnie<\/strong>&nbsp;(urodzone w 2023 r.) maj\u0105 ustawowe prawo do korzystania z wychowania przedszkolnego. Czekamy na Was i serdecznie zapraszamy!<\/p>\n\n\n\n<p><br>W post\u0119powaniu rekrutacyjnym mog\u0105 bra\u0107 udzia\u0142&nbsp; tak\u017ce dzieci, kt\u00f3re uko\u0144czy\u0142y&nbsp; 2,5- roku. <\/p>\n\n\n\n<p>Je\u015bli kto\u015b z Pa\u0144stwa chce skorzysta\u0107 z takiej mo\u017cliwo\u015bci &#8211; zapraszamy &#8211; mamy nadziej\u0119, \u017ce znajd\u0105 si\u0119 miejsca r\u00f3wnie\u017c dla Was. <\/p>\n\n\n\n<p>Pierwsze\u0144stwo przyj\u0119cia do przedszkola przys\u0142uguje jednak dzieciom 3- letnim (i starszym)  mieszka\u0144com Gminy Police.<\/p>\n\n\n\n<p>W razie jakichkolwiek trudno\u015bci &#8211; postaramy si\u0119 pom\u00f3c &#8211; na miejscu &#8211; w sekretariacie g\u0142\u00f3wnym przy ul. Przyja\u017ani 1 \/budynek przy &#8222;Biedronce&#8221;\/<\/p>\n\n\n\n<p>lub telefonicznie pod nr telefonu: <strong>507 079 060<\/strong> <\/p>\n\n\n\n<p>Przedszkole jest otwarte dla wszystkich, kt\u00f3rzy chc\u0105 zobaczy\u0107 je od \u015brodka. <\/p>\n\n\n\n<p>ZAPRASZAMY !  <\/p>\n\n\n\n<figure class=\"wp-block-image size-large\"><img fetchpriority=\"high\" decoding=\"async\" width=\"724\" height=\"1024\" src=\"https:\/\/pp11wpolicach.pl\/wp-content\/uploads\/2026\/02\/image-724x1024.png\" alt=\"\" class=\"wp-image-863\" srcset=\"https:\/\/pp11wpolicach.pl\/wp-content\/uploads\/2026\/02\/image-724x1024.png 724w, https:\/\/pp11wpolicach.pl\/wp-content\/uploads\/2026\/02\/image-212x300.png 212w, https:\/\/pp11wpolicach.pl\/wp-content\/uploads\/2026\/02\/image-768x1086.png 768w, https:\/\/pp11wpolicach.pl\/wp-content\/uploads\/2026\/02\/image-1086x1536.png 1086w, https:\/\/pp11wpolicach.pl\/wp-content\/uploads\/2026\/02\/image.png 1414w\" sizes=\"(max-width: 724px) 100vw, 724px\" \/><\/figure>\n\n\n\n<p><\/p>\n","protected":false},"excerpt":{"rendered":"<p>Dnia&nbsp;02-03-2026 o godz. 08:00&nbsp;rozpocznie si\u0119 rekrutacja dzieci do przedszkoli prowadzonych przez Gmin\u0119 Police na rok szkolny 2026\/2027 Nab\u00f3r dzieci na nowy rok szkolny do przedszkoli &nbsp;b\u0119dzie si\u0119 odbywa\u0142&nbsp;za po\u015brednictwem elektronicznego systemu rekrutacji&nbsp;dost\u0119pnego pod adresem: https:\/\/rekrutacje-police.pzo.edu.pl Do korzystania z elektronicznego systemu naboru niezb\u0119dny b\u0119dzie komputer b\u0105d\u017a&nbsp; dowolne urz\u0105dzenie mobilne z przegl\u0105dark\u0105 internetow\u0105. W systemie w zak\u0142adce&nbsp;\u201ePliki [&hellip;]<\/p>\n","protected":false},"author":1,"featured_media":0,"comment_status":"open","ping_status":"open","sticky":false,"template":"","format":"standard","meta":{"ocean_post_layout":"","ocean_both_sidebars_style":"","ocean_both_sidebars_content_width":0,"ocean_both_sidebars_sidebars_width":0,"ocean_sidebar":"","ocean_second_sidebar":"","ocean_disable_margins":"enable","ocean_add_body_class":"","ocean_shortcode_before_top_bar":"","ocean_shortcode_after_top_bar":"","ocean_shortcode_before_header":"","ocean_shortcode_after_header":"","ocean_has_shortcode":"","ocean_shortcode_after_title":"","ocean_shortcode_before_footer_widgets":"","ocean_shortcode_after_footer_widgets":"","ocean_shortcode_before_footer_bottom":"","ocean_shortcode_after_footer_bottom":"","ocean_display_top_bar":"default","ocean_display_header":"default","ocean_header_style":"","ocean_center_header_left_menu":"","ocean_custom_header_template":"","ocean_custom_logo":0,"ocean_custom_retina_logo":0,"ocean_custom_logo_max_width":0,"ocean_custom_logo_tablet_max_width":0,"ocean_custom_logo_mobile_max_width":0,"ocean_custom_logo_max_height":0,"ocean_custom_logo_tablet_max_height":0,"ocean_custom_logo_mobile_max_height":0,"ocean_header_custom_menu":"","ocean_menu_typo_font_family":"","ocean_menu_typo_font_subset":"","ocean_menu_typo_font_size":0,"ocean_menu_typo_font_size_tablet":0,"ocean_menu_typo_font_size_mobile":0,"ocean_menu_typo_font_size_unit":"px","ocean_menu_typo_font_weight":"","ocean_menu_typo_font_weight_tablet":"","ocean_menu_typo_font_weight_mobile":"","ocean_menu_typo_transform":"","ocean_menu_typo_transform_tablet":"","ocean_menu_typo_transform_mobile":"","ocean_menu_typo_line_height":0,"ocean_menu_typo_line_height_tablet":0,"ocean_menu_typo_line_height_mobile":0,"ocean_menu_typo_line_height_unit":"","ocean_menu_typo_spacing":0,"ocean_menu_typo_spacing_tablet":0,"ocean_menu_typo_spacing_mobile":0,"ocean_menu_typo_spacing_unit":"","ocean_menu_link_color":"","ocean_menu_link_color_hover":"","ocean_menu_link_color_active":"","ocean_menu_link_background":"","ocean_menu_link_hover_background":"","ocean_menu_link_active_background":"","ocean_menu_social_links_bg":"","ocean_menu_social_hover_links_bg":"","ocean_menu_social_links_color":"","ocean_menu_social_hover_links_color":"","ocean_disable_title":"default","ocean_disable_heading":"default","ocean_post_title":"","ocean_post_subheading":"","ocean_post_title_style":"","ocean_post_title_background_color":"","ocean_post_title_background":0,"ocean_post_title_bg_image_position":"","ocean_post_title_bg_image_attachment":"","ocean_post_title_bg_image_repeat":"","ocean_post_title_bg_image_size":"","ocean_post_title_height":0,"ocean_post_title_bg_overlay":0.5,"ocean_post_title_bg_overlay_color":"","ocean_disable_breadcrumbs":"default","ocean_breadcrumbs_color":"","ocean_breadcrumbs_separator_color":"","ocean_breadcrumbs_links_color":"","ocean_breadcrumbs_links_hover_color":"","ocean_display_footer_widgets":"default","ocean_display_footer_bottom":"default","ocean_custom_footer_template":"","ocean_post_oembed":"","ocean_post_self_hosted_media":"","ocean_post_video_embed":"","ocean_link_format":"","ocean_link_format_target":"self","ocean_quote_format":"","ocean_quote_format_link":"post","ocean_gallery_link_images":"on","ocean_gallery_id":[],"footnotes":""},"categories":[4],"tags":[],"class_list":["post-847","post","type-post","status-publish","format-standard","hentry","category-aktualnosci","entry"],"_links":{"self":[{"href":"https:\/\/pp11wpolicach.pl\/index.php?rest_route=\/wp\/v2\/posts\/847","targetHints":{"allow":["GET"]}}],"collection":[{"href":"https:\/\/pp11wpolicach.pl\/index.php?rest_route=\/wp\/v2\/posts"}],"about":[{"href":"https:\/\/pp11wpolicach.pl\/index.php?rest_route=\/wp\/v2\/types\/post"}],"author":[{"embeddable":true,"href":"https:\/\/pp11wpolicach.pl\/index.php?rest_route=\/wp\/v2\/users\/1"}],"replies":[{"embeddable":true,"href":"https:\/\/pp11wpolicach.pl\/index.php?rest_route=%2Fwp%2Fv2%2Fcomments&post=847"}],"version-history":[{"count":4,"href":"https:\/\/pp11wpolicach.pl\/index.php?rest_route=\/wp\/v2\/posts\/847\/revisions"}],"predecessor-version":[{"id":862,"href":"https:\/\/pp11wpolicach.pl\/index.php?rest_route=\/wp\/v2\/posts\/847\/revisions\/862"}],"wp:attachment":[{"href":"https:\/\/pp11wpolicach.pl\/index.php?rest_route=%2Fwp%2Fv2%2Fmedia&parent=847"}],"wp:term":[{"taxonomy":"category","embeddable":true,"href":"https:\/\/pp11wpolicach.pl\/index.php?rest_route=%2Fwp%2Fv2%2Fcategories&post=847"},{"taxonomy":"post_tag","embeddable":true,"href":"https:\/\/pp11wpolicach.pl\/index.php?rest_route=%2Fwp%2Fv2%2Ftags&post=847"}],"curies":[{"name":"wp","href":"https:\/\/api.w.org\/{rel}","templated":true}]}}