{"id":844,"date":"2026-02-20T15:00:24","date_gmt":"2026-02-20T14:00:24","guid":{"rendered":"https:\/\/pp11wpolicach.pl\/?p=844"},"modified":"2026-02-20T15:07:43","modified_gmt":"2026-02-20T14:07:43","slug":"kontynuacja-przedszkola","status":"publish","type":"post","link":"https:\/\/pp11wpolicach.pl\/?p=844","title":{"rendered":"KONTYNUACJA PRZEDSZKOLA"},"content":{"rendered":"\n<p><strong>&#8211; zapisy na rok szkolny 2026\/2027<\/strong><\/p>\n\n\n\n<p><\/p>\n\n\n\n<p>Tylko dla rodzic\u00f3w dzieci ju\u017c ucz\u0119szczaj\u0105cych do naszego przedszkola!<\/p>\n\n\n\n<p>Nab\u00f3r dzieci na nowy rok szkolny 2026\/2027 do przedszkoli b\u0119dzie odbywa\u0142 si\u0119 za po\u015brednictwem elektronicznego systemu rekrutacji dost\u0119pnego pod adresem:<\/p>\n\n\n\n<figure class=\"wp-block-embed\"><div class=\"wp-block-embed__wrapper\">\nhttps:\/\/rekrutacje-police.pzo.edu.pl\n<\/div><\/figure>\n\n\n\n<p>Do korzystania z elektronicznego systemu naboru niezb\u0119dny jest komputer b\u0105d\u017a dowolne urz\u0105dzenie mobilne z przegl\u0105dark\u0105 internetow\u0105.<\/p>\n\n\n\n<p>Mo\u017cliwo\u015b\u0107 rejestracji w systemie elektronicznej rekrutacji kontynuacji przedszkola b\u0119dzie dost\u0119pna dla rodzic\u00f3w\/opiekun\u00f3w prawnych w celu dope\u0142nienia formalno\u015bci:<\/p>\n\n\n\n<ul class=\"wp-block-list\">\n<li><strong>od 23-02-2026 godz. 08:00 do 01-03-2026 godz. 23:59 &#8211;<\/strong> <strong>TYLKO KONTYNUACJA PRZEDSZKOLA <\/strong><\/li>\n<\/ul>\n\n\n\n<p><strong>z\u0142o\u017cenie deklaracji kontynuowania wychowania przedszkolnego przez rodzic\u00f3w\/ prawnych opiekun\u00f3w, kt\u00f3rych dziecko ju\u017c ucz\u0119szcza do naszego przedszkola<\/strong><\/p>\n\n\n\n<ul class=\"wp-block-list\">\n<li>W celu elektronicznego wype\u0142nienia deklaracji kontynuowania wychowania przedszkolnego potrzebne b\u0119d\u0105 nast\u0119puj\u0105ce dane: numer PESEL dziecka, dane osobowe i adres zamieszkania dziecka, dane osobowe i adres zamieszkania rodzic\u00f3w\/prawnych opiekun\u00f3w dziecka.<\/li>\n\n\n\n<li>Rodzice dzieci, kt\u00f3re ju\u017c chodz\u0105 do naszego przedszkola &#8211; wybieraj\u0105  pole i zaznaczaj\u0105 kontynuacj\u0119 w &#8211; \u201eOddzia\u0142 integracyjny 4,5,6 lat\u201d &#8211; gdy\u017c wszystkie nasze oddzia\u0142y obecnie maj\u0105 taki status <\/li>\n\n\n\n<li>Na tym etapie rekrutacji zapisujecie Pa\u0144stwo dzieci do przedszkola nie do konkretnej grupy, co dzieje si\u0119 na p\u00f3\u017aniejszym etapie ustalania przez kadr\u0119 kierownicz\u0105.<\/li>\n<\/ul>\n\n\n\n<p><strong><u>Uwaga!<\/u><\/strong><\/p>\n\n\n\n<p>Je\u017celi rodzice\/prawni opiekunowie, kt\u00f3rych dziecko obecnie ju\u017c ucz\u0119szcza do przedszkola, nie z\u0142o\u017c\u0105 deklaracji kontynuowania wychowania przedszkolnego we wskazanym  terminie, wchodz\u0105 w proces nowej rekrutacji w celu ubiegania si\u0119 o ponowne przyj\u0119cie dziecka do przedszkola nie kontynuacji. W takim przypadku niezb\u0119dne jest z\u0142o\u017cenie przez rodzic\u00f3w\/ prawnych opiekun\u00f3w wniosku o przyj\u0119cie dziecka do przedszkola\/oddzia\u0142u przedszkolnego wraz z wymaganymi za\u0142\u0105cznikami.<\/p>\n\n\n\n<p>Po dokonaniu rejestracji w systemie wniosku rodzice\/opiekunowie prawni, posiadaj\u0105cy profil zaufany, b\u0119d\u0105 mieli mo\u017cliwo\u015b\u0107 podpisania za jego pomoc\u0105.<\/p>\n\n\n\n<p>W przypadku, gdy rodzic\/opiekun prawny nie posiada profilu zaufanego, po dokonaniu rejestracji w systemie druk deklaracji wydrukuje przedszkole a rodzic b\u0119dzie zobowi\u0105zany podpisa\u0107 go r\u0119cznie w sekretariacie g\u0142\u00f3wnym.<\/p>\n\n\n\n<p><strong><u>Uwaga!<\/u><\/strong><\/p>\n\n\n\n<p>Ka\u017cdy zarejestrowany i potwierdzony przez Pa\u0144stwa wniosek musi by\u0107 zatwierdzony przez przedszkole, w przeciwnym razie nie b\u0119dzie brany pod uwag\u0119, co b\u0119dzie widoczne po zalogowaniu. <\/p>\n\n\n\n<p>Je\u015bli kto\u015b z Pa\u0144stwa b\u0119dzie mia\u0142 problemy &#8211; zapraszamy do sekretariatu g\u0142\u00f3wnego w budynku &#8222;A&#8221; przy ul. Przyja\u017ani 1. <\/p>\n\n\n\n<p><\/p>\n","protected":false},"excerpt":{"rendered":"<p>&#8211; zapisy na rok szkolny 2026\/2027 Tylko dla rodzic\u00f3w dzieci ju\u017c ucz\u0119szczaj\u0105cych do naszego przedszkola! Nab\u00f3r dzieci na nowy rok szkolny 2026\/2027 do przedszkoli b\u0119dzie odbywa\u0142 si\u0119 za po\u015brednictwem elektronicznego systemu rekrutacji dost\u0119pnego pod adresem: Do korzystania z elektronicznego systemu naboru niezb\u0119dny jest komputer b\u0105d\u017a dowolne urz\u0105dzenie mobilne z przegl\u0105dark\u0105 internetow\u0105. Mo\u017cliwo\u015b\u0107 rejestracji w systemie [&hellip;]<\/p>\n","protected":false},"author":1,"featured_media":0,"comment_status":"open","ping_status":"open","sticky":false,"template":"","format":"standard","meta":{"ocean_post_layout":"","ocean_both_sidebars_style":"","ocean_both_sidebars_content_width":0,"ocean_both_sidebars_sidebars_width":0,"ocean_sidebar":"","ocean_second_sidebar":"","ocean_disable_margins":"enable","ocean_add_body_class":"","ocean_shortcode_before_top_bar":"","ocean_shortcode_after_top_bar":"","ocean_shortcode_before_header":"","ocean_shortcode_after_header":"","ocean_has_shortcode":"","ocean_shortcode_after_title":"","ocean_shortcode_before_footer_widgets":"","ocean_shortcode_after_footer_widgets":"","ocean_shortcode_before_footer_bottom":"","ocean_shortcode_after_footer_bottom":"","ocean_display_top_bar":"default","ocean_display_header":"default","ocean_header_style":"","ocean_center_header_left_menu":"","ocean_custom_header_template":"","ocean_custom_logo":0,"ocean_custom_retina_logo":0,"ocean_custom_logo_max_width":0,"ocean_custom_logo_tablet_max_width":0,"ocean_custom_logo_mobile_max_width":0,"ocean_custom_logo_max_height":0,"ocean_custom_logo_tablet_max_height":0,"ocean_custom_logo_mobile_max_height":0,"ocean_header_custom_menu":"","ocean_menu_typo_font_family":"","ocean_menu_typo_font_subset":"","ocean_menu_typo_font_size":0,"ocean_menu_typo_font_size_tablet":0,"ocean_menu_typo_font_size_mobile":0,"ocean_menu_typo_font_size_unit":"px","ocean_menu_typo_font_weight":"","ocean_menu_typo_font_weight_tablet":"","ocean_menu_typo_font_weight_mobile":"","ocean_menu_typo_transform":"","ocean_menu_typo_transform_tablet":"","ocean_menu_typo_transform_mobile":"","ocean_menu_typo_line_height":0,"ocean_menu_typo_line_height_tablet":0,"ocean_menu_typo_line_height_mobile":0,"ocean_menu_typo_line_height_unit":"","ocean_menu_typo_spacing":0,"ocean_menu_typo_spacing_tablet":0,"ocean_menu_typo_spacing_mobile":0,"ocean_menu_typo_spacing_unit":"","ocean_menu_link_color":"","ocean_menu_link_color_hover":"","ocean_menu_link_color_active":"","ocean_menu_link_background":"","ocean_menu_link_hover_background":"","ocean_menu_link_active_background":"","ocean_menu_social_links_bg":"","ocean_menu_social_hover_links_bg":"","ocean_menu_social_links_color":"","ocean_menu_social_hover_links_color":"","ocean_disable_title":"default","ocean_disable_heading":"default","ocean_post_title":"","ocean_post_subheading":"","ocean_post_title_style":"","ocean_post_title_background_color":"","ocean_post_title_background":0,"ocean_post_title_bg_image_position":"","ocean_post_title_bg_image_attachment":"","ocean_post_title_bg_image_repeat":"","ocean_post_title_bg_image_size":"","ocean_post_title_height":0,"ocean_post_title_bg_overlay":0.5,"ocean_post_title_bg_overlay_color":"","ocean_disable_breadcrumbs":"default","ocean_breadcrumbs_color":"","ocean_breadcrumbs_separator_color":"","ocean_breadcrumbs_links_color":"","ocean_breadcrumbs_links_hover_color":"","ocean_display_footer_widgets":"default","ocean_display_footer_bottom":"default","ocean_custom_footer_template":"","ocean_post_oembed":"","ocean_post_self_hosted_media":"","ocean_post_video_embed":"","ocean_link_format":"","ocean_link_format_target":"self","ocean_quote_format":"","ocean_quote_format_link":"post","ocean_gallery_link_images":"on","ocean_gallery_id":[],"footnotes":""},"categories":[4],"tags":[],"class_list":["post-844","post","type-post","status-publish","format-standard","hentry","category-aktualnosci","entry"],"_links":{"self":[{"href":"https:\/\/pp11wpolicach.pl\/index.php?rest_route=\/wp\/v2\/posts\/844","targetHints":{"allow":["GET"]}}],"collection":[{"href":"https:\/\/pp11wpolicach.pl\/index.php?rest_route=\/wp\/v2\/posts"}],"about":[{"href":"https:\/\/pp11wpolicach.pl\/index.php?rest_route=\/wp\/v2\/types\/post"}],"author":[{"embeddable":true,"href":"https:\/\/pp11wpolicach.pl\/index.php?rest_route=\/wp\/v2\/users\/1"}],"replies":[{"embeddable":true,"href":"https:\/\/pp11wpolicach.pl\/index.php?rest_route=%2Fwp%2Fv2%2Fcomments&post=844"}],"version-history":[{"count":1,"href":"https:\/\/pp11wpolicach.pl\/index.php?rest_route=\/wp\/v2\/posts\/844\/revisions"}],"predecessor-version":[{"id":845,"href":"https:\/\/pp11wpolicach.pl\/index.php?rest_route=\/wp\/v2\/posts\/844\/revisions\/845"}],"wp:attachment":[{"href":"https:\/\/pp11wpolicach.pl\/index.php?rest_route=%2Fwp%2Fv2%2Fmedia&parent=844"}],"wp:term":[{"taxonomy":"category","embeddable":true,"href":"https:\/\/pp11wpolicach.pl\/index.php?rest_route=%2Fwp%2Fv2%2Fcategories&post=844"},{"taxonomy":"post_tag","embeddable":true,"href":"https:\/\/pp11wpolicach.pl\/index.php?rest_route=%2Fwp%2Fv2%2Ftags&post=844"}],"curies":[{"name":"wp","href":"https:\/\/api.w.org\/{rel}","templated":true}]}}