{"id":674,"date":"2023-07-23T14:11:02","date_gmt":"2023-07-23T12:11:02","guid":{"rendered":"https:\/\/pp11wpolicach.pl\/?p=674"},"modified":"2023-07-23T14:12:15","modified_gmt":"2023-07-23T12:12:15","slug":"spotkanie-adaptacyjne-sierpien-2023","status":"publish","type":"post","link":"https:\/\/pp11wpolicach.pl\/?p=674","title":{"rendered":"Spotkanie adaptacyjne &#8211; sierpie\u0144 2023!"},"content":{"rendered":"\n<p><strong>30 sierpnia<\/strong> <strong>2023 r.<\/strong> \/\u015broda\/ &#8211; <strong>zapraszamy !<\/strong><\/p>\n\n\n\n<p><strong>Budynek \u201eA\u201d \u2013 ul. Przyja\u017ani 1<\/strong><\/p>\n\n\n\n<ul class=\"wp-block-list\">\n<li>godz. 9.00 do ok. 11.00 \u2013 <strong>grupa 1<\/strong><\/li>\n\n\n\n<li>godz. 10.30 do ok. 12.30 \u2013 <strong>grupa 6<\/strong><\/li>\n\n\n\n<li><em>zbi\u00f3rka przed wej\u015bciem g\u0142\u00f3wnym do przedszkola<\/em><\/li>\n<\/ul>\n\n\n\n<p><strong>Budynek \u201eB\u201d \u2013 ul. Przyja\u017ani 33<\/strong><\/p>\n\n\n\n<ul class=\"wp-block-list\">\n<li>godz. 10.00 do ok. 11.00 \u2013 <strong>grupa 11<\/strong><\/li>\n\n\n\n<li>zbi\u00f3rka \u2013 przed wej\u015bciem g\u0142\u00f3wnym do przedszkola<\/li>\n<\/ul>\n\n\n\n<p>Spotkanie adaptacyjne to czas na lepsze poznanie si\u0119, zabaw\u0119 z dzie\u0107mi i bliskimi. <\/p>\n\n\n\n<p>Zabieramy ze sob\u0105: obuwie na zmian\u0119 dla siebie i dziecka, wygodne stroje i dobry humor! <\/p>\n\n\n\n<p><em>Informacji o przydziale dzieci do grup udzielamy w sekretariacie g\u0142\u00f3wnym przedszkola przy ul. Przyja\u017ani <\/em>1<\/p>\n\n\n\n<p><em>lub telefonicznie pod nr telefonu: <strong>507&nbsp;079&nbsp;060<\/strong><\/em>  &#8211; do dnia 28 lipca 2023 r. <\/p>\n\n\n\n<p>Od 31 lipca przechodzimy w tryb pracy urlopowej ze zmniejszon\u0105 ilo\u015bci\u0105 pracownik\u00f3w.  <\/p>\n\n\n\n<p>Ponownie zapraszamy do kontaktu od 21 sierpnia 2023 r. <\/p>\n","protected":false},"excerpt":{"rendered":"<p>30 sierpnia 2023 r. \/\u015broda\/ &#8211; zapraszamy ! Budynek \u201eA\u201d \u2013 ul. Przyja\u017ani 1 Budynek \u201eB\u201d \u2013 ul. Przyja\u017ani 33 Spotkanie adaptacyjne to czas na lepsze poznanie si\u0119, zabaw\u0119 z dzie\u0107mi i bliskimi. Zabieramy ze sob\u0105: obuwie na zmian\u0119 dla siebie i dziecka, wygodne stroje i dobry humor! Informacji o przydziale dzieci do grup udzielamy [&hellip;]<\/p>\n","protected":false},"author":1,"featured_media":0,"comment_status":"open","ping_status":"open","sticky":false,"template":"","format":"standard","meta":{"ocean_post_layout":"","ocean_both_sidebars_style":"","ocean_both_sidebars_content_width":0,"ocean_both_sidebars_sidebars_width":0,"ocean_sidebar":"0","ocean_second_sidebar":"0","ocean_disable_margins":"enable","ocean_add_body_class":"","ocean_shortcode_before_top_bar":"","ocean_shortcode_after_top_bar":"","ocean_shortcode_before_header":"","ocean_shortcode_after_header":"","ocean_has_shortcode":"","ocean_shortcode_after_title":"","ocean_shortcode_before_footer_widgets":"","ocean_shortcode_after_footer_widgets":"","ocean_shortcode_before_footer_bottom":"","ocean_shortcode_after_footer_bottom":"","ocean_display_top_bar":"default","ocean_display_header":"default","ocean_header_style":"","ocean_center_header_left_menu":"0","ocean_custom_header_template":"0","ocean_custom_logo":0,"ocean_custom_retina_logo":0,"ocean_custom_logo_max_width":0,"ocean_custom_logo_tablet_max_width":0,"ocean_custom_logo_mobile_max_width":0,"ocean_custom_logo_max_height":0,"ocean_custom_logo_tablet_max_height":0,"ocean_custom_logo_mobile_max_height":0,"ocean_header_custom_menu":"0","ocean_menu_typo_font_family":"0","ocean_menu_typo_font_subset":"","ocean_menu_typo_font_size":0,"ocean_menu_typo_font_size_tablet":0,"ocean_menu_typo_font_size_mobile":0,"ocean_menu_typo_font_size_unit":"px","ocean_menu_typo_font_weight":"","ocean_menu_typo_font_weight_tablet":"","ocean_menu_typo_font_weight_mobile":"","ocean_menu_typo_transform":"","ocean_menu_typo_transform_tablet":"","ocean_menu_typo_transform_mobile":"","ocean_menu_typo_line_height":0,"ocean_menu_typo_line_height_tablet":0,"ocean_menu_typo_line_height_mobile":0,"ocean_menu_typo_line_height_unit":"","ocean_menu_typo_spacing":0,"ocean_menu_typo_spacing_tablet":0,"ocean_menu_typo_spacing_mobile":0,"ocean_menu_typo_spacing_unit":"","ocean_menu_link_color":"","ocean_menu_link_color_hover":"","ocean_menu_link_color_active":"","ocean_menu_link_background":"","ocean_menu_link_hover_background":"","ocean_menu_link_active_background":"","ocean_menu_social_links_bg":"","ocean_menu_social_hover_links_bg":"","ocean_menu_social_links_color":"","ocean_menu_social_hover_links_color":"","ocean_disable_title":"default","ocean_disable_heading":"default","ocean_post_title":"","ocean_post_subheading":"","ocean_post_title_style":"","ocean_post_title_background_color":"","ocean_post_title_background":0,"ocean_post_title_bg_image_position":"","ocean_post_title_bg_image_attachment":"","ocean_post_title_bg_image_repeat":"","ocean_post_title_bg_image_size":"","ocean_post_title_height":0,"ocean_post_title_bg_overlay":0.5,"ocean_post_title_bg_overlay_color":"","ocean_disable_breadcrumbs":"default","ocean_breadcrumbs_color":"","ocean_breadcrumbs_separator_color":"","ocean_breadcrumbs_links_color":"","ocean_breadcrumbs_links_hover_color":"","ocean_display_footer_widgets":"default","ocean_display_footer_bottom":"default","ocean_custom_footer_template":"0","ocean_post_oembed":"","ocean_post_self_hosted_media":"","ocean_post_video_embed":"","ocean_link_format":"","ocean_link_format_target":"self","ocean_quote_format":"","ocean_quote_format_link":"post","ocean_gallery_link_images":"off","ocean_gallery_id":[],"footnotes":""},"categories":[4],"tags":[],"class_list":["post-674","post","type-post","status-publish","format-standard","hentry","category-aktualnosci","entry"],"_links":{"self":[{"href":"https:\/\/pp11wpolicach.pl\/index.php?rest_route=\/wp\/v2\/posts\/674","targetHints":{"allow":["GET"]}}],"collection":[{"href":"https:\/\/pp11wpolicach.pl\/index.php?rest_route=\/wp\/v2\/posts"}],"about":[{"href":"https:\/\/pp11wpolicach.pl\/index.php?rest_route=\/wp\/v2\/types\/post"}],"author":[{"embeddable":true,"href":"https:\/\/pp11wpolicach.pl\/index.php?rest_route=\/wp\/v2\/users\/1"}],"replies":[{"embeddable":true,"href":"https:\/\/pp11wpolicach.pl\/index.php?rest_route=%2Fwp%2Fv2%2Fcomments&post=674"}],"version-history":[{"count":2,"href":"https:\/\/pp11wpolicach.pl\/index.php?rest_route=\/wp\/v2\/posts\/674\/revisions"}],"predecessor-version":[{"id":676,"href":"https:\/\/pp11wpolicach.pl\/index.php?rest_route=\/wp\/v2\/posts\/674\/revisions\/676"}],"wp:attachment":[{"href":"https:\/\/pp11wpolicach.pl\/index.php?rest_route=%2Fwp%2Fv2%2Fmedia&parent=674"}],"wp:term":[{"taxonomy":"category","embeddable":true,"href":"https:\/\/pp11wpolicach.pl\/index.php?rest_route=%2Fwp%2Fv2%2Fcategories&post=674"},{"taxonomy":"post_tag","embeddable":true,"href":"https:\/\/pp11wpolicach.pl\/index.php?rest_route=%2Fwp%2Fv2%2Ftags&post=674"}],"curies":[{"name":"wp","href":"https:\/\/api.w.org\/{rel}","templated":true}]}}