{"id":555,"date":"2022-03-01T15:05:42","date_gmt":"2022-03-01T14:05:42","guid":{"rendered":"https:\/\/pp11wpolicach.pl\/?p=555"},"modified":"2022-03-16T21:40:33","modified_gmt":"2022-03-16T20:40:33","slug":"elektroniczna-rekrutacja-do-przedszkoli-informacje-dla-rodzicow","status":"publish","type":"post","link":"https:\/\/pp11wpolicach.pl\/?p=555","title":{"rendered":"ELEKTRONICZNA REKRUTACJA DO PRZEDSZKOLI &#8211; INFORMACJE DLA RODZIC\u00d3W"},"content":{"rendered":"\t\t<div data-elementor-type=\"wp-post\" data-elementor-id=\"555\" class=\"elementor elementor-555\">\n\t\t\t\t\t\t<section class=\"elementor-section elementor-top-section elementor-element elementor-element-5282e6fc elementor-section-boxed elementor-section-height-default elementor-section-height-default\" data-id=\"5282e6fc\" data-element_type=\"section\">\n\t\t\t\t\t\t<div class=\"elementor-container elementor-column-gap-default\">\n\t\t\t\t\t<div class=\"elementor-column elementor-col-100 elementor-top-column elementor-element elementor-element-4edb5efc\" data-id=\"4edb5efc\" data-element_type=\"column\">\n\t\t\t<div class=\"elementor-widget-wrap elementor-element-populated\">\n\t\t\t\t\t\t<div class=\"elementor-element elementor-element-163fe5ba elementor-widget elementor-widget-text-editor\" data-id=\"163fe5ba\" data-element_type=\"widget\" data-widget_type=\"text-editor.default\">\n\t\t\t\t<div class=\"elementor-widget-container\">\n\t\t\t\t\t\t\t\t\t<p><\/p>\n<p><strong>Informacja w sprawie elektronicznej rekrutacji dzieci do przedszkola<\/strong><strong style=\"font-size: 14px; color: var( --e-global-color-text );\">&nbsp;na rok szkolny 2022\/2023<\/strong><\/p><p>Od&nbsp;<strong>14 marca 2022 r. <\/strong>&nbsp;rozpocz\u0119\u0142a si\u0119 rekrutacja dzieci <strong>na wolne miejsca<\/strong> do przedszkoli i oddzia\u0142\u00f3w przedszkolnych w publicznych szko\u0142ach podstawowych prowadzonych przez Gmin\u0119 Police.<\/p>\n<p><\/p>\n<p><\/p>\n<p><strong>Nab\u00f3r dzieci na nowy rok szkolny do przedszkoli i oddzia\u0142\u00f3w przedszkolnych w szko\u0142ach podstawowych <\/strong>b\u0119dzie si\u0119 odbywa\u0142 <strong>za po\u015brednictwem elektronicznego systemu rekrutacji <\/strong>dost\u0119pnego pod adresem: <\/p>\n<p><\/p>\n<p><\/p>\n<p><a href=\"https:\/\/rekrutacja-przedszkole.ug.police.pl\">https:\/\/rekrutacja-przedszkole.ug.police.pl<\/a><\/p>\n<p><\/p>\n<p><\/p>\n<p>Do korzystania z elektronicznego systemu naboru niezb\u0119dny jest komputer b\u0105d\u017a&nbsp; dowolne urz\u0105dzenie mobilne z przegl\u0105dark\u0105 internetow\u0105.<\/p>\n<p><\/p>\n<p><\/p>\n<p>W systemie, w zak\u0142adce <strong>\u201ePliki do pobrania, instrukcje\u201d<\/strong>, b\u0119d\u0105 umieszczone do pobrania wszystkie niezb\u0119dne do wype\u0142nienia dokumenty oraz instrukcje do systemu, tak, aby z \u0142atwo\u015bci\u0105 przej\u015b\u0107 ca\u0142y proces rejestracji danych w systemie rekrutacji.<\/p>\n<p><\/p>\n<p><\/p>\n<p><strong>WA\u017bNE DATY DOST\u0118PU DO SYSTEMU:<\/strong><strong><\/strong><\/p>\n<p><\/p>\n<p><\/p>\n<p>Mo\u017cliwo\u015b\u0107 rejestracji w systemie elektronicznej rekrutacji b\u0119dzie dost\u0119pna dla rodzic\u00f3w\/opiekun\u00f3w prawnych w celu dope\u0142nienia nast\u0119puj\u0105cych czynno\u015bci:<\/p>\n<p><\/p>\n<p><\/p>\n<ul class=\"wp-block-list\">\n<li><strong>DEKLARACJE O KONTYNUACJI PRZEDSZKOLA<\/strong><strong> \u2013 od 4 marca 2022 r. od godziny 8.00 do 11 marca 2022 r. do godziny 15.00 <\/strong>\u2013 z\u0142o\u017cenie deklaracji kontynuowania wychowania przedszkolnego przez rodzic\u00f3w\/ prawnych opiekun\u00f3w, kt\u00f3rych dziecko ju\u017c ucz\u0119szcza do danego przedszkola\/oddzia\u0142u przedszkolnego,<\/li>\n<\/ul>\n<p><\/p>\n<p><\/p>\n<ul class=\"wp-block-list\">\n<li><strong>NOWE WNIOSKI O PRZYJ\u0118CIE DO PRZEDSZKOLA<\/strong><strong> &#8211; od 14 marca 2022 r.&nbsp; od godziny 8:00 do 25 marca 2022 r. do godziny 15.00 \u2013 <\/strong>z\u0142o\u017cenie przez rodzic\u00f3w\/prawnych opiekun\u00f3w wniosku o przyj\u0119cie dziecka do przedszkola\/oddzia\u0142u przedszkolnego w szkole na wolne miejsca wraz z wymaganymi za\u0142\u0105cznikami.<\/li>\n<\/ul>\n<p><\/p>\n<p><\/p>\n<p><strong><br>U W A G A !<\/strong><\/p>\n<p><\/p>\n<p><\/p>\n<p><strong>Je\u017celi rodzice\/prawni opiekunowie, <\/strong>kt\u00f3rych dziecko obecnie ju\u017c ucz\u0119szcza do przedszkola\/ oddzia\u0142u przedszkolnego,<strong> nie z\u0142o\u017c\u0105 deklaracji kontynuowania wychowania przedszkolnego we wskazanym wy\u017cej terminie, wchodz\u0105 w proces nowej rekrutacji <\/strong>w celu ubiegania si\u0119 o ponowne przyj\u0119cie dziecka do przedszkola\/oddzia\u0142u przedszkolnego. W takim przypadku <strong>niezb\u0119dne jest z\u0142o\u017cenie<\/strong> przez rodzic\u00f3w\/ prawnych opiekun\u00f3w <strong>nowego wniosku<\/strong> o przyj\u0119cie dziecka do przedszkola\/oddzia\u0142u przedszkolnego wraz z wymaganymi za\u0142\u0105cznikami.&nbsp;<\/p>\n<p><\/p>\n<p><\/p>\n<p><br>W celu elektronicznego wype\u0142nienia wniosku\/deklaracji kontynuowania wychowania przedszkolnego potrzebne b\u0119d\u0105 nast\u0119puj\u0105ce dane:<\/p>\n<p><\/p>\n<p><\/p>\n<ul class=\"wp-block-list\">\n<li>numer PESEL dziecka,<\/li>\n<li>dane osobowe i adres zamieszkania dziecka,<\/li>\n<li>dane osobowe i adres zamieszkania rodzic\u00f3w\/prawnych opiekun\u00f3w dziecka.<\/li>\n<\/ul>\n<p><\/p>\n<p><\/p>\n<p><strong><br>NOWE WNIOSKI \u2013 PROFIL ZAUFANY:<\/strong><\/p>\n<p><\/p>\n<p><\/p>\n<p><strong>Po dokonaniu rejestracji w systemie wniosku rodzice\/opiekunowie prawni, posiadaj\u0105cy <u>profil zaufany<\/u>, b\u0119d\u0105 mieli mo\u017cliwo\u015b\u0107 podpisania wniosku za jego pomoc\u0105. <\/strong>W celu potwierdzenia spe\u0142niania kryteri\u00f3w zaznaczonych we wniosku, w systemie b\u0119dzie mo\u017cliwo\u015b\u0107 dodania w formie za\u0142\u0105cznik\u00f3w wymaganych o\u015bwiadcze\u0144 i dokument\u00f3w okre\u015blonych w Uchwale nr Nr V\/37\/2015 Rady Miejskiej w Policach z dnia 24 lutego 2015 r.<\/p>\n<p><\/p>\n<p><\/p>\n<p><strong>NOWE WNIOSKI \u2013 BRAK PROFILU ZAUFANEGO:<\/strong><\/p>\n<p><\/p>\n<p><\/p>\n<p>W przypadku, gdy rodzic\/opiekun prawny <strong>nie b\u0119dzie posiada\u0142 profilu zaufanego<\/strong>, po dokonaniu rejestracji wniosku w systemie, b\u0119dzie mia\u0142 r\u00f3wnie\u017c mo\u017cliwo\u015b\u0107 pobrania i wydrukowania wype\u0142nionego wniosku oraz za\u0142\u0105cznik\u00f3w. Podpisany wniosek wraz z wymaganymi za\u0142\u0105cznikami nale\u017cy w\u00f3wczas z\u0142o\u017cy\u0107 <strong><u>w sekretariacie plac\u00f3wki wybranej na pierwszym miejscu listy preferencji<\/u><\/strong>.<\/p>\n<p><\/p>\n<p><\/p>\n<p><strong><br>KONTYNUACJA PRZEDSZKOLA:<\/strong><\/p>\n<p><\/p>\n<p><\/p>\n<p>Podobnie, jak wy\u017cej<strong> \u2013 w przypadku posiadania profilu zaufanego \u2013 <\/strong>rodzice b\u0119d\u0105 mie\u0107 mo\u017cliwo\u015b\u0107 podpisana deklaracji za jego pomoc\u0105.<\/p>\n<p><\/p>\n<p><\/p>\n<p>W przypadku braku profilu zaufanego \u2013 nale\u017cy wype\u0142nion\u0105 w systemie deklaracj\u0119 <strong>wydrukowa\u0107 i przynie\u015b\u0107<\/strong> do sekretariatu g\u0142\u00f3wnego przy ul. Przyja\u017ani 1.<\/p>\n<p><\/p>\n<p><\/p>\n<p><strong>INNE, WA\u017bNE INFORMACJE:<\/strong><\/p>\n<p><\/p>\n<p><\/p>\n<ul class=\"wp-block-list\">\n<li><strong>Ka\u017cdy zarejestrowany wniosek musi by\u0107 zatwierdzony przez przedszkole wybrane na pierwszym miejscu listy preferencji<\/strong>, w przeciwnym razie nie b\u0119dzie brany pod uwag\u0119 podczas naboru.<\/li>\n<\/ul>\n<p><\/p>\n<p><\/p>\n<ul class=\"wp-block-list\">\n<li>O\u015bwiadczenia (za\u0142\u0105czniki do wniosku) sk\u0142ada si\u0119 pod rygorem odpowiedzialno\u015bci karnej za sk\u0142adanie fa\u0142szywych o\u015bwiadcze\u0144(art. 150 ust. 6 ustawy Prawo o\u015bwiatowe).<\/li>\n<\/ul>\n<p><\/p>\n<p><\/p>\n<ul class=\"wp-block-list\">\n<li>Rodzice, kt\u00f3rzy nie posiadaj\u0105 jeszcze profilu zaufanego mog\u0105 go bezp\u0142atnie za\u0142o\u017cy\u0107 za po\u015brednictwem platformy e-PUAP lub swojego banku (w kt\u00f3rym rodzic\/opiekun prawny posiada konto). Profil zaufany s\u0142u\u017cy p\u00f3\u017aniej do wszelkich kontakt\u00f3w zdalnych z administracj\u0105.<\/li>\n<\/ul>\n<p><\/p>\n<p><\/p>\n<ul class=\"wp-block-list\">\n<li>W post\u0119powaniu rekrutacyjnym bior\u0105 udzia\u0142 dzieci zamieszka\u0142e w Gminie Police.<\/li>\n<\/ul>\n<p><\/p>\n<p><\/p>\n<ul class=\"wp-block-list\">\n<li>Wychowaniem przedszkolnym obejmuje si\u0119 dzieci z pocz\u0105tkiem roku szkolnego w roku kalendarzowym, w kt\u00f3rym dziecko ko\u0144czy 3 lata, do ko\u0144ca roku szkolnego w roku kalendarzowym, w kt\u00f3rym dziecko ko\u0144czy 7 lat.<\/li>\n<\/ul>\n<p><\/p>\n<p><\/p>\n<ul class=\"wp-block-list\">\n<li>Dzieci sze\u015bcioletnie (urodzone w 2016 roku) obowi\u0105zane s\u0105 odby\u0107 roczne przygotowanie przedszkolne w przedszkolu lub oddziale przedszkolnym zorganizowanym w szkole podstawowej.<\/li>\n<\/ul>\n<p><\/p>\n<p><\/p>\n<ul class=\"wp-block-list\">\n<li>Dzieci pi\u0119cioletnie (urodzone w 2017 r.), dzieci czteroletnie (urodzone w 2018 r.) oraz dzieci trzyletnie (urodzone w 2019 r.) maj\u0105 ustawowe prawo do korzystania z wychowania przedszkolnego.<\/li>\n<\/ul>\n<p><\/p>\n<p><\/p>\n<ul class=\"wp-block-list\">\n<li>W post\u0119powaniu rekrutacyjnym mog\u0105 bra\u0107 tak\u017ce&nbsp; udzia\u0142&nbsp; dzieci, kt\u00f3re uko\u0144czy\u0142y&nbsp; 2,5- roku oraz dzieci zamieszka\u0142e poza Gmin\u0105 Police. Pierwsze\u0144stwo przyj\u0119cia do przedszkola przys\u0142uguje jednak dzieciom 3- letnim (i starszym) oraz mieszka\u0144com Gminy Police.<\/li>\n<\/ul>\n<p><\/p>\n<p><\/p>\n<ul class=\"wp-block-list\">\n<li><strong>Warunkiem przyj\u0119cia dzieci 2,5 letnich oraz zamieszka\u0142ych poza Gmin\u0105 Police&nbsp; jest posiadanie przez dane przedszkole wolnych miejsc.<\/strong><\/li>\n<\/ul>\n<p><\/p>\n<p><\/p>\n<ul class=\"wp-block-list\">\n<li>W sytuacji nieprzyj\u0119cia dziecka w post\u0119powaniu rekrutacyjnym do przedszkola lub oddzia\u0142u przedszkolnego w szkole podstawowej, Burmistrz Polic wska\u017ce rodzicom inne przedszkole lub oddzia\u0142 przedszkolny w szkole podstawowej na terenie Gminy Police, kt\u00f3ry przyjmie dziecko.<\/li>\n<\/ul>\n<p><\/p>\t\t\t\t\t\t\t\t<\/div>\n\t\t\t\t<\/div>\n\t\t\t\t\t<\/div>\n\t\t<\/div>\n\t\t\t\t\t<\/div>\n\t\t<\/section>\n\t\t\t\t<\/div>\n\t\t","protected":false},"excerpt":{"rendered":"<p>Informacja w sprawie elektronicznej rekrutacji dzieci do przedszkola&nbsp;na rok szkolny 2022\/2023 Od&nbsp;14 marca 2022 r. &nbsp;rozpocz\u0119\u0142a si\u0119 rekrutacja dzieci na wolne miejsca do przedszkoli i oddzia\u0142\u00f3w przedszkolnych w publicznych szko\u0142ach podstawowych prowadzonych przez Gmin\u0119 Police. Nab\u00f3r dzieci na nowy rok szkolny do przedszkoli i oddzia\u0142\u00f3w przedszkolnych w szko\u0142ach podstawowych b\u0119dzie si\u0119 odbywa\u0142 za po\u015brednictwem elektronicznego [&hellip;]<\/p>\n","protected":false},"author":1,"featured_media":0,"comment_status":"open","ping_status":"open","sticky":false,"template":"","format":"standard","meta":{"ocean_post_layout":"full-width","ocean_both_sidebars_style":"","ocean_both_sidebars_content_width":0,"ocean_both_sidebars_sidebars_width":0,"ocean_sidebar":"0","ocean_second_sidebar":"0","ocean_disable_margins":"enable","ocean_add_body_class":"","ocean_shortcode_before_top_bar":"","ocean_shortcode_after_top_bar":"","ocean_shortcode_before_header":"","ocean_shortcode_after_header":"","ocean_has_shortcode":"","ocean_shortcode_after_title":"","ocean_shortcode_before_footer_widgets":"","ocean_shortcode_after_footer_widgets":"","ocean_shortcode_before_footer_bottom":"","ocean_shortcode_after_footer_bottom":"","ocean_display_top_bar":"off","ocean_display_header":"default","ocean_header_style":"","ocean_center_header_left_menu":"0","ocean_custom_header_template":"0","ocean_custom_logo":0,"ocean_custom_retina_logo":0,"ocean_custom_logo_max_width":0,"ocean_custom_logo_tablet_max_width":0,"ocean_custom_logo_mobile_max_width":0,"ocean_custom_logo_max_height":0,"ocean_custom_logo_tablet_max_height":0,"ocean_custom_logo_mobile_max_height":0,"ocean_header_custom_menu":"0","ocean_menu_typo_font_family":"0","ocean_menu_typo_font_subset":"","ocean_menu_typo_font_size":0,"ocean_menu_typo_font_size_tablet":0,"ocean_menu_typo_font_size_mobile":0,"ocean_menu_typo_font_size_unit":"px","ocean_menu_typo_font_weight":"","ocean_menu_typo_font_weight_tablet":"","ocean_menu_typo_font_weight_mobile":"","ocean_menu_typo_transform":"","ocean_menu_typo_transform_tablet":"","ocean_menu_typo_transform_mobile":"","ocean_menu_typo_line_height":0,"ocean_menu_typo_line_height_tablet":0,"ocean_menu_typo_line_height_mobile":0,"ocean_menu_typo_line_height_unit":"","ocean_menu_typo_spacing":0,"ocean_menu_typo_spacing_tablet":0,"ocean_menu_typo_spacing_mobile":0,"ocean_menu_typo_spacing_unit":"","ocean_menu_link_color":"","ocean_menu_link_color_hover":"","ocean_menu_link_color_active":"","ocean_menu_link_background":"","ocean_menu_link_hover_background":"","ocean_menu_link_active_background":"","ocean_menu_social_links_bg":"","ocean_menu_social_hover_links_bg":"","ocean_menu_social_links_color":"","ocean_menu_social_hover_links_color":"","ocean_disable_title":"on","ocean_disable_heading":"default","ocean_post_title":"","ocean_post_subheading":"","ocean_post_title_style":"","ocean_post_title_background_color":"","ocean_post_title_background":0,"ocean_post_title_bg_image_position":"","ocean_post_title_bg_image_attachment":"","ocean_post_title_bg_image_repeat":"","ocean_post_title_bg_image_size":"","ocean_post_title_height":0,"ocean_post_title_bg_overlay":0.5,"ocean_post_title_bg_overlay_color":"","ocean_disable_breadcrumbs":"default","ocean_breadcrumbs_color":"","ocean_breadcrumbs_separator_color":"","ocean_breadcrumbs_links_color":"","ocean_breadcrumbs_links_hover_color":"","ocean_display_footer_widgets":"off","ocean_display_footer_bottom":"off","ocean_custom_footer_template":"0","ocean_post_oembed":"","ocean_post_self_hosted_media":"","ocean_post_video_embed":"","ocean_link_format":"","ocean_link_format_target":"self","ocean_quote_format":"","ocean_quote_format_link":"post","ocean_gallery_link_images":"off","ocean_gallery_id":[],"footnotes":""},"categories":[4],"tags":[],"class_list":["post-555","post","type-post","status-publish","format-standard","hentry","category-aktualnosci","entry"],"_links":{"self":[{"href":"https:\/\/pp11wpolicach.pl\/index.php?rest_route=\/wp\/v2\/posts\/555","targetHints":{"allow":["GET"]}}],"collection":[{"href":"https:\/\/pp11wpolicach.pl\/index.php?rest_route=\/wp\/v2\/posts"}],"about":[{"href":"https:\/\/pp11wpolicach.pl\/index.php?rest_route=\/wp\/v2\/types\/post"}],"author":[{"embeddable":true,"href":"https:\/\/pp11wpolicach.pl\/index.php?rest_route=\/wp\/v2\/users\/1"}],"replies":[{"embeddable":true,"href":"https:\/\/pp11wpolicach.pl\/index.php?rest_route=%2Fwp%2Fv2%2Fcomments&post=555"}],"version-history":[{"count":6,"href":"https:\/\/pp11wpolicach.pl\/index.php?rest_route=\/wp\/v2\/posts\/555\/revisions"}],"predecessor-version":[{"id":601,"href":"https:\/\/pp11wpolicach.pl\/index.php?rest_route=\/wp\/v2\/posts\/555\/revisions\/601"}],"wp:attachment":[{"href":"https:\/\/pp11wpolicach.pl\/index.php?rest_route=%2Fwp%2Fv2%2Fmedia&parent=555"}],"wp:term":[{"taxonomy":"category","embeddable":true,"href":"https:\/\/pp11wpolicach.pl\/index.php?rest_route=%2Fwp%2Fv2%2Fcategories&post=555"},{"taxonomy":"post_tag","embeddable":true,"href":"https:\/\/pp11wpolicach.pl\/index.php?rest_route=%2Fwp%2Fv2%2Ftags&post=555"}],"curies":[{"name":"wp","href":"https:\/\/api.w.org\/{rel}","templated":true}]}}