{"id":517,"date":"2022-02-20T12:58:15","date_gmt":"2022-02-20T11:58:15","guid":{"rendered":"https:\/\/pp11wpolicach.pl\/?p=517"},"modified":"2022-03-01T11:31:03","modified_gmt":"2022-03-01T10:31:03","slug":"rekrutacja-do-przedszkoli-na-rok-szkolny-2022-2023","status":"publish","type":"post","link":"https:\/\/pp11wpolicach.pl\/?p=517","title":{"rendered":"REKRUTACJA DO PRZEDSZKOLI NA ROK SZKOLNY 2022\/2023"},"content":{"rendered":"\t\t<div data-elementor-type=\"wp-post\" data-elementor-id=\"517\" class=\"elementor elementor-517\">\n\t\t\t\t\t\t<section class=\"elementor-section elementor-top-section elementor-element elementor-element-5f0b2e46 elementor-section-boxed elementor-section-height-default elementor-section-height-default\" data-id=\"5f0b2e46\" data-element_type=\"section\">\n\t\t\t\t\t\t<div class=\"elementor-container elementor-column-gap-default\">\n\t\t\t\t\t<div class=\"elementor-column elementor-col-100 elementor-top-column elementor-element elementor-element-7df51b02\" data-id=\"7df51b02\" data-element_type=\"column\">\n\t\t\t<div class=\"elementor-widget-wrap elementor-element-populated\">\n\t\t\t\t\t\t<div class=\"elementor-element elementor-element-2cce5a23 elementor-widget elementor-widget-text-editor\" data-id=\"2cce5a23\" data-element_type=\"widget\" data-widget_type=\"text-editor.default\">\n\t\t\t\t<div class=\"elementor-widget-container\">\n\t\t\t\t\t\t\t\t\t<p><\/p>\n<p>Szanowni Rodzice!<\/p>\n<p>Rekrutacja do przedszkoli Gminy Police na rok szkolny 2022\/2023 rozpocznie si\u0119 dnia <b>14 marca 2022 r.<\/b> i trwa\u0107 b\u0119dzie do dnia <b>25 marca 2022 r.&nbsp;<\/b><\/p>\n<p>W bie\u017c\u0105cym roku, <u>po raz pierwszy przyjmie charakter elektroniczny<\/u> z wykorzystaniem przygotowanej w tym celu platformy. Przed wskazanym terminem zostanie Pa\u0144stwu udost\u0119pniona instrukcja obs\u0142ugi oraz link do logowania. Rodzice b\u0119d\u0105 mogli wprowadzi\u0107 do systemu dane dziecka i dokona\u0107 rejestracji wniosku o przyj\u0119cie do przedszkola.<\/p>\n<p><strong>Zarejestrowany wniosek b\u0119dzie mo\u017cna:&nbsp;<\/strong>podpisa\u0107 profilem zaufanym i przes\u0142a\u0107 w systemie rekrutacji razem z dokumentami potwierdzaj\u0105cymi spe\u0142nianie kryteri\u00f3w do przedszkola pierwszego wyboru lub wydrukowa\u0107, podpisa\u0107 i z\u0142o\u017cy\u0107 osobi\u015bcie <u>w przedszkolu pierwszego wyboru.<\/u><\/p>\n<p>Przed wype\u0142nieniem wniosku nale\u017cy zapozna\u0107 si\u0119 z zasadami oraz harmonogramem rekrutacji.&nbsp;<\/p>\n<p>Osobom, kt\u00f3re b\u0119d\u0105 mie\u0107 k\u0142opot z logowaniem, udost\u0119pniona b\u0119dzie w&nbsp; wyj\u0105tkowych sytuacjach mo\u017cliwo\u015b\u0107 papierowej formy sk\u0142adania wniosku na ustalonych formularzach.&nbsp;<\/p>\n<p>Obowi\u0105zuj\u0105ce kryteria o przyj\u0119cie dziecka do przedszkola s\u0105 ustalone w prawie o\u015bwiatowym Pa\u0144stwa oraz w uchwale nr V\/37\/2015 Rady Miejskiej w Policach z dnia 24 lutego 2015 r. . B\u0119d\u0105 dost\u0119pne w platformie logowania.&nbsp;<\/p>\n<p>Formularze w wersji papierowej b\u0119d\u0105 dost\u0119pne do druku na naszej stronie internetowej lub do pobrania osobi\u015bcie w sekretariacie g\u0142\u00f3wnym przedszkola przy ul. Przyja\u017ani 1 <b>od dnia 14 marca 2022 r.<\/b><\/p>\n<p>Do druku nale\u017cy do\u0142\u0105czy\u0107 wszystkie niezb\u0119dne dokumenty potwierdzaj\u0105ce stan opisany we wniosku.<\/p>\n<p>Pytania, czy w\u0105tpliwo\u015bci prosimy kierowa\u0107 pod nr telefonu: <strong>91 3177 296<\/strong> lub <strong>507&nbsp;079&nbsp;060<\/strong> lub pod adres mailowy:<b> sekretariat@pp11wpolicach.pl<\/b><\/p>\n<p><\/p>\n<p><\/p>\t\t\t\t\t\t\t\t<\/div>\n\t\t\t\t<\/div>\n\t\t\t\t\t<\/div>\n\t\t<\/div>\n\t\t\t\t\t<\/div>\n\t\t<\/section>\n\t\t\t\t<\/div>\n\t\t","protected":false},"excerpt":{"rendered":"<p>Szanowni Rodzice! Rekrutacja do przedszkoli Gminy Police na rok szkolny 2022\/2023 rozpocznie si\u0119 dnia 14 marca 2022 r. i trwa\u0107 b\u0119dzie do dnia 25 marca 2022 r.&nbsp; W bie\u017c\u0105cym roku, po raz pierwszy przyjmie charakter elektroniczny z wykorzystaniem przygotowanej w tym celu platformy. Przed wskazanym terminem zostanie Pa\u0144stwu udost\u0119pniona instrukcja obs\u0142ugi oraz link do logowania. [&hellip;]<\/p>\n","protected":false},"author":1,"featured_media":0,"comment_status":"open","ping_status":"open","sticky":false,"template":"","format":"standard","meta":{"ocean_post_layout":"full-width","ocean_both_sidebars_style":"","ocean_both_sidebars_content_width":0,"ocean_both_sidebars_sidebars_width":0,"ocean_sidebar":"0","ocean_second_sidebar":"0","ocean_disable_margins":"enable","ocean_add_body_class":"","ocean_shortcode_before_top_bar":"","ocean_shortcode_after_top_bar":"","ocean_shortcode_before_header":"","ocean_shortcode_after_header":"","ocean_has_shortcode":"","ocean_shortcode_after_title":"","ocean_shortcode_before_footer_widgets":"","ocean_shortcode_after_footer_widgets":"","ocean_shortcode_before_footer_bottom":"","ocean_shortcode_after_footer_bottom":"","ocean_display_top_bar":"off","ocean_display_header":"default","ocean_header_style":"","ocean_center_header_left_menu":"0","ocean_custom_header_template":"0","ocean_custom_logo":0,"ocean_custom_retina_logo":0,"ocean_custom_logo_max_width":0,"ocean_custom_logo_tablet_max_width":0,"ocean_custom_logo_mobile_max_width":0,"ocean_custom_logo_max_height":0,"ocean_custom_logo_tablet_max_height":0,"ocean_custom_logo_mobile_max_height":0,"ocean_header_custom_menu":"0","ocean_menu_typo_font_family":"0","ocean_menu_typo_font_subset":"","ocean_menu_typo_font_size":0,"ocean_menu_typo_font_size_tablet":0,"ocean_menu_typo_font_size_mobile":0,"ocean_menu_typo_font_size_unit":"px","ocean_menu_typo_font_weight":"","ocean_menu_typo_font_weight_tablet":"","ocean_menu_typo_font_weight_mobile":"","ocean_menu_typo_transform":"","ocean_menu_typo_transform_tablet":"","ocean_menu_typo_transform_mobile":"","ocean_menu_typo_line_height":0,"ocean_menu_typo_line_height_tablet":0,"ocean_menu_typo_line_height_mobile":0,"ocean_menu_typo_line_height_unit":"","ocean_menu_typo_spacing":0,"ocean_menu_typo_spacing_tablet":0,"ocean_menu_typo_spacing_mobile":0,"ocean_menu_typo_spacing_unit":"","ocean_menu_link_color":"","ocean_menu_link_color_hover":"","ocean_menu_link_color_active":"","ocean_menu_link_background":"","ocean_menu_link_hover_background":"","ocean_menu_link_active_background":"","ocean_menu_social_links_bg":"","ocean_menu_social_hover_links_bg":"","ocean_menu_social_links_color":"","ocean_menu_social_hover_links_color":"","ocean_disable_title":"on","ocean_disable_heading":"default","ocean_post_title":"","ocean_post_subheading":"","ocean_post_title_style":"","ocean_post_title_background_color":"","ocean_post_title_background":0,"ocean_post_title_bg_image_position":"","ocean_post_title_bg_image_attachment":"","ocean_post_title_bg_image_repeat":"","ocean_post_title_bg_image_size":"","ocean_post_title_height":0,"ocean_post_title_bg_overlay":0.5,"ocean_post_title_bg_overlay_color":"","ocean_disable_breadcrumbs":"default","ocean_breadcrumbs_color":"","ocean_breadcrumbs_separator_color":"","ocean_breadcrumbs_links_color":"","ocean_breadcrumbs_links_hover_color":"","ocean_display_footer_widgets":"off","ocean_display_footer_bottom":"off","ocean_custom_footer_template":"0","ocean_post_oembed":"","ocean_post_self_hosted_media":"","ocean_post_video_embed":"","ocean_link_format":"","ocean_link_format_target":"self","ocean_quote_format":"","ocean_quote_format_link":"post","ocean_gallery_link_images":"off","ocean_gallery_id":[],"footnotes":""},"categories":[4,13],"tags":[],"class_list":["post-517","post","type-post","status-publish","format-standard","hentry","category-aktualnosci","category-rekrutacja","entry"],"_links":{"self":[{"href":"https:\/\/pp11wpolicach.pl\/index.php?rest_route=\/wp\/v2\/posts\/517","targetHints":{"allow":["GET"]}}],"collection":[{"href":"https:\/\/pp11wpolicach.pl\/index.php?rest_route=\/wp\/v2\/posts"}],"about":[{"href":"https:\/\/pp11wpolicach.pl\/index.php?rest_route=\/wp\/v2\/types\/post"}],"author":[{"embeddable":true,"href":"https:\/\/pp11wpolicach.pl\/index.php?rest_route=\/wp\/v2\/users\/1"}],"replies":[{"embeddable":true,"href":"https:\/\/pp11wpolicach.pl\/index.php?rest_route=%2Fwp%2Fv2%2Fcomments&post=517"}],"version-history":[{"count":5,"href":"https:\/\/pp11wpolicach.pl\/index.php?rest_route=\/wp\/v2\/posts\/517\/revisions"}],"predecessor-version":[{"id":554,"href":"https:\/\/pp11wpolicach.pl\/index.php?rest_route=\/wp\/v2\/posts\/517\/revisions\/554"}],"wp:attachment":[{"href":"https:\/\/pp11wpolicach.pl\/index.php?rest_route=%2Fwp%2Fv2%2Fmedia&parent=517"}],"wp:term":[{"taxonomy":"category","embeddable":true,"href":"https:\/\/pp11wpolicach.pl\/index.php?rest_route=%2Fwp%2Fv2%2Fcategories&post=517"},{"taxonomy":"post_tag","embeddable":true,"href":"https:\/\/pp11wpolicach.pl\/index.php?rest_route=%2Fwp%2Fv2%2Ftags&post=517"}],"curies":[{"name":"wp","href":"https:\/\/api.w.org\/{rel}","templated":true}]}}